{"id":1570,"date":"2024-08-07T09:27:43","date_gmt":"2024-08-07T07:27:43","guid":{"rendered":"https:\/\/biogasvereenegung.lu\/energieauer-schluesselzahlen-zur-energie-in-luxemburg\/"},"modified":"2025-03-05T12:35:31","modified_gmt":"2025-03-05T11:35:31","slug":"energieauer-schluesselzahlen-zur-energie-in-luxemburg","status":"publish","type":"post","link":"https:\/\/biogasvereenegung.lu\/de\/energieauer-schluesselzahlen-zur-energie-in-luxemburg\/","title":{"rendered":"Energieauer: Schl\u00fcsselzahlen zur Energie in Luxemburg"},"content":{"rendered":"<p>Einf\u00fchrung der Plattform energieauer.lu durch das Wirtschaftsministerium in Zusammenarbeit mit der Klima-Agentur, die es erm\u00f6glicht, die Energietrends in Luxemburg zu visualisieren. Der Biomasse- und Biogassektor nimmt derzeit den zweiten Platz bei der Erzeugung erneuerbarer Energien im Gro\u00dfherzogtum ein.<\/p>\n<p><a href=\"https:\/\/energieauer.lu\/\" data-mce-href=\"https:\/\/energieauer.lu\/\">https:\/\/energieauer.lu\/<\/a><\/p>\n","protected":false},"excerpt":{"rendered":"<p>Einf\u00fchrung der Plattform energieauer.lu durch das Wirtschaftsministerium in Zusammenarbeit mit der Klima-Agentur, die es erm\u00f6glicht, die Energietrends in Luxemburg zu visualisieren. Der Biomasse- und Biogassektor nimmt derzeit den zweiten Platz&#8230;<\/p>\n","protected":false},"author":2,"featured_media":793,"comment_status":"closed","ping_status":"closed","sticky":false,"template":"","format":"standard","meta":{"_acf_changed":false,"inline_featured_image":false,"footnotes":""},"categories":[3],"tags":[],"class_list":{"0":"post-1570","1":"post","2":"type-post","3":"status-publish","4":"format-standard","5":"has-post-thumbnail","7":"category-unkategorisiert"},"acf":[],"_links":{"self":[{"href":"https:\/\/biogasvereenegung.lu\/de\/wp-json\/wp\/v2\/posts\/1570","targetHints":{"allow":["GET"]}}],"collection":[{"href":"https:\/\/biogasvereenegung.lu\/de\/wp-json\/wp\/v2\/posts"}],"about":[{"href":"https:\/\/biogasvereenegung.lu\/de\/wp-json\/wp\/v2\/types\/post"}],"author":[{"embeddable":true,"href":"https:\/\/biogasvereenegung.lu\/de\/wp-json\/wp\/v2\/users\/2"}],"replies":[{"embeddable":true,"href":"https:\/\/biogasvereenegung.lu\/de\/wp-json\/wp\/v2\/comments?post=1570"}],"version-history":[{"count":1,"href":"https:\/\/biogasvereenegung.lu\/de\/wp-json\/wp\/v2\/posts\/1570\/revisions"}],"predecessor-version":[{"id":1571,"href":"https:\/\/biogasvereenegung.lu\/de\/wp-json\/wp\/v2\/posts\/1570\/revisions\/1571"}],"wp:featuredmedia":[{"embeddable":true,"href":"https:\/\/biogasvereenegung.lu\/de\/wp-json\/wp\/v2\/media\/793"}],"wp:attachment":[{"href":"https:\/\/biogasvereenegung.lu\/de\/wp-json\/wp\/v2\/media?parent=1570"}],"wp:term":[{"taxonomy":"category","embeddable":true,"href":"https:\/\/biogasvereenegung.lu\/de\/wp-json\/wp\/v2\/categories?post=1570"},{"taxonomy":"post_tag","embeddable":true,"href":"https:\/\/biogasvereenegung.lu\/de\/wp-json\/wp\/v2\/tags?post=1570"}],"curies":[{"name":"wp","href":"https:\/\/api.w.org\/{rel}","templated":true}]}}