{"id":1572,"date":"2024-08-05T12:02:07","date_gmt":"2024-08-05T10:02:07","guid":{"rendered":"https:\/\/biogasvereenegung.lu\/veroeffentlichung-der-grossherzoglichen-verordnung-vom-31-juli-2024\/"},"modified":"2025-03-05T12:36:06","modified_gmt":"2025-03-05T11:36:06","slug":"veroeffentlichung-der-grossherzoglichen-verordnung-vom-31-juli-2024","status":"publish","type":"post","link":"https:\/\/biogasvereenegung.lu\/de\/veroeffentlichung-der-grossherzoglichen-verordnung-vom-31-juli-2024\/","title":{"rendered":"Ver\u00f6ffentlichung der gro\u00dfherzoglichen Verordnung vom 31. Juli 2024"},"content":{"rendered":"<p><a href=\"https:\/\/biogasvereenegung.lu\/wp-content\/uploads\/2024\/08\/Reglement-grand-ducal-du-31-juillet-2024.pdf\">R\u00e8glement grand-ducal du 31 juillet 2024<\/a><\/p>\n<p>Ver\u00f6ffentlichung der gro\u00dfherzoglichen Verordnung vom 31. Juli 2024 zur \u00c4nderung :<\/p>\n<ol>\n<li>die ge\u00e4nderte Gro\u00dfherzogliche Verordnung vom 31. M\u00e4rz 2010 \u00fcber den Ausgleichsmechanismus im Rahmen der Organisation des Strommarktes ;<\/li>\n<li>die ge\u00e4nderte gro\u00dfherzogliche Verordnung vom 15. Dezember 2011 \u00fcber die Erzeugung, Verg\u00fctung und Vermarktung von Biogas;<\/li>\n<li>die ge\u00e4nderte gro\u00dfherzogliche Verordnung vom 1. August 2014 \u00fcber die Stromerzeugung auf der Grundlage erneuerbarer Energiequellen.<\/li>\n<li>die Gro\u00dfherzogliche Verordnung vom 23. Dezember 2022 zur \u00c4nderung der ge\u00e4nderten Gro\u00dfherzoglichen Verordnung vom 1. August 2014 \u00fcber die Stromerzeugung auf der Grundlage erneuerbarer Energiequellen<\/li>\n<li>die Gro\u00dfherzogliche Verordnung vom 23. Dezember 2022 zur \u00c4nderung der ge\u00e4nderten Gro\u00dfherzoglichen Verordnung vom 31. M\u00e4rz 2010 \u00fcber den Ausgleichsmechanismus im Rahmen der Organisation des Strommarktes<\/li>\n<\/ol>\n","protected":false},"excerpt":{"rendered":"<p>R\u00e8glement grand-ducal du 31 juillet 2024 Ver\u00f6ffentlichung der gro\u00dfherzoglichen Verordnung vom 31. Juli 2024 zur \u00c4nderung : die ge\u00e4nderte Gro\u00dfherzogliche Verordnung vom 31. M\u00e4rz 2010 \u00fcber den Ausgleichsmechanismus im Rahmen&#8230;<\/p>\n","protected":false},"author":2,"featured_media":0,"comment_status":"closed","ping_status":"closed","sticky":false,"template":"","format":"standard","meta":{"_acf_changed":false,"inline_featured_image":false,"footnotes":""},"categories":[3],"tags":[],"class_list":{"0":"post-1572","1":"post","2":"type-post","3":"status-publish","4":"format-standard","6":"category-unkategorisiert"},"acf":[],"_links":{"self":[{"href":"https:\/\/biogasvereenegung.lu\/de\/wp-json\/wp\/v2\/posts\/1572","targetHints":{"allow":["GET"]}}],"collection":[{"href":"https:\/\/biogasvereenegung.lu\/de\/wp-json\/wp\/v2\/posts"}],"about":[{"href":"https:\/\/biogasvereenegung.lu\/de\/wp-json\/wp\/v2\/types\/post"}],"author":[{"embeddable":true,"href":"https:\/\/biogasvereenegung.lu\/de\/wp-json\/wp\/v2\/users\/2"}],"replies":[{"embeddable":true,"href":"https:\/\/biogasvereenegung.lu\/de\/wp-json\/wp\/v2\/comments?post=1572"}],"version-history":[{"count":1,"href":"https:\/\/biogasvereenegung.lu\/de\/wp-json\/wp\/v2\/posts\/1572\/revisions"}],"predecessor-version":[{"id":1586,"href":"https:\/\/biogasvereenegung.lu\/de\/wp-json\/wp\/v2\/posts\/1572\/revisions\/1586"}],"wp:attachment":[{"href":"https:\/\/biogasvereenegung.lu\/de\/wp-json\/wp\/v2\/media?parent=1572"}],"wp:term":[{"taxonomy":"category","embeddable":true,"href":"https:\/\/biogasvereenegung.lu\/de\/wp-json\/wp\/v2\/categories?post=1572"},{"taxonomy":"post_tag","embeddable":true,"href":"https:\/\/biogasvereenegung.lu\/de\/wp-json\/wp\/v2\/tags?post=1572"}],"curies":[{"name":"wp","href":"https:\/\/api.w.org\/{rel}","templated":true}]}}